{"id":992,"date":"2015-10-23T11:04:36","date_gmt":"2015-10-23T13:04:36","guid":{"rendered":"https:\/\/www.metodorolf.org\/wordpress\/index.php\/2008\/06\/25\/para-que-serve-a-fascia\/"},"modified":"2015-10-23T11:04:36","modified_gmt":"2015-10-23T13:04:36","slug":"para-que-serve-a-fascia","status":"publish","type":"post","link":"https:\/\/www.metodorolf.org\/?p=992","title":{"rendered":"O que \u00e9 f\u00e1scia"},"content":{"rendered":"<p><a href=\"https:\/\/www.metodorolf.org\/para-que-serve-a-fascia\" rel=\"attachment wp-att-911\"><img loading=\"lazy\" decoding=\"async\" class=\"size-medium wp-image-1645 alignright\" src=\"https:\/\/www.metodorolf.org\/wp-content\/uploads\/2015\/10\/fasciadorsal-300x175.jpg\" alt=\"\" width=\"300\" height=\"175\" srcset=\"https:\/\/www.metodorolf.org\/wp-content\/uploads\/2015\/10\/fasciadorsal-300x175.jpg 300w, https:\/\/www.metodorolf.org\/wp-content\/uploads\/2015\/10\/fasciadorsal.jpg 480w\" sizes=\"auto, (max-width: 300px) 100vw, 300px\" \/><\/a>F\u00e1scia s\u00e3o planos de tecido conjuntivo, organizados no corpo humano em camadas. Elas envolvem e d\u00e3o forma aos m\u00fasculos, preenchem os espa\u00e7os e d\u00e3o unidade \u00e0 estrutura, ao mesmo tempo em que criam as condi\u00e7\u00f5es necess\u00e1rias a que cada segmento do corpo funcione de maneira adequada e em coopera\u00e7\u00e3o m\u00fatua. Flexibilizar os tecidos, descolar as camadas umas das outras e reposicion\u00e1-las, reduzindo as tens\u00f5es e os encurtamentos, est\u00e3o entre as principais tarefas empreendidas no processo de integra\u00e7\u00e3o.<\/p>\n<p>A f\u00e1scia tamb\u00e9m atua como um &#8220;leito de rio&#8221; para o fluxo de fluido intersticial, que interfere nos sistemas imunol\u00f3gico e hormonal. Desempenha por isso um papel determinante na qualidade do movimento, do humor, do estado de alerta e bem-estar geral. Mesmo antes do nascimento e durante a primeira inf\u00e2ncia, disturbios e deslocamentos da f\u00e1scia podem desenvolver padr\u00f5es de movimento e desequil\u00edbrios estruturais.<\/p>\n<p>Ap\u00f3s as sess\u00f5es do M\u00e9todo Rolf, espera-se encontrar conjuntos de f\u00e1scia e m\u00fasculos dotados de mais e melhor plasticidade, facilitando as trocas metab\u00f3licas e promovendo a sa\u00fade. Al\u00e9m disso, uma estrutura corporal mais bem organizada est\u00e1 tamb\u00e9m mais receptiva \u00e0\u00a0 experi\u00eancia sensorial, base f\u00edsica da propriocep\u00e7\u00e3o e do autoconhecimento.<\/p>\n<p>A f\u00e1scia \u00e9 um dos v\u00e1rios aspectos do tecido conjuntivo. No \u00f3vulo fecundado, em poucos dias j\u00e1 s\u00e3o discern\u00ed\u00adveis tr\u00eas sistemas funcionais &#8211; o ectoderma, o endoderma e o mesoderma. O M\u00e9todo Rolf considera as estruturas derivadas do mesoderma, o \u00faltimo dos sistemas a se desenvolver. Nele existe uma subdivis\u00e3o, chamada mes\u00eanquima, que ir\u00e1 formar os ossos, os m\u00fasculos, os ligamentos, os tend\u00f5es e a f\u00e1scia. Esse conjunto de tecidos, em qualquer ser humano, \u00e9 o respons\u00e1vel pela nossa posi\u00e7\u00e3o no espa\u00e7o f\u00edsico tridimensional e que nos diferencia e individualiza em rela\u00e7ao ao espa\u00e7o externo.<\/p>\n<p>\u00c9 comum pensar o corpo apenas em termos de ossos, m\u00fasculos e nervos. Para facilitar a compreens\u00e3o do que \u00e9 e qual a import\u00e2ncia da f\u00e1scia no corpo humano, Ida Rolf evocou a imagem de uma laranja. Nessa fruta, a &#8220;f\u00e1scia&#8221; seria a pel\u00edcula que forma, separa e ao mesmo tempo une cada um de seus gomos. \u00c9 ela que cria as condi\u00e7\u00f5es estruturais que d\u00e3o forma \u00e0 \u00a0laranja &#8211; e nos permite reconhec\u00ea-la como tal. No corpo humano, a f\u00e1scia tem a mesma fun\u00e7\u00e3o, com a diferen\u00e7a b\u00e1sica de que o corpo humano \u00e9 uma estrutura viva,\u00a0em constante movimento.<\/p>\n<p>Segundo a dra. Ida Rolf, \u00a0a f\u00e1scia \u00e9 (tamb\u00e9m) uma camada protetora:&#8221;Voc\u00ea pode descascar uma cebola, camada por camada at\u00e9 o miolo;\u00a0sua semente ainda estar\u00e1 l\u00e1 e, se voc\u00ea a puser na terra, ela crescer\u00e1. Mas se voc\u00ea pegar uma faca e empurr\u00e1-la at\u00e9 o miolo, a semente ter\u00e1 sido rompida.\u00a0Acontece coisa parecida com os corpos&#8221;.<\/p>\n","protected":false},"excerpt":{"rendered":"<p>F\u00e1scia s\u00e3o planos de tecido conjuntivo, organizados no corpo humano em camadas. Elas envolvem e d\u00e3o forma aos m\u00fasculos, preenchem os espa\u00e7os e d\u00e3o unidade \u00e0 estrutura, ao mesmo tempo em que criam as condi\u00e7\u00f5es necess\u00e1rias a que cada segmento do corpo funcione de maneira adequada e em coopera\u00e7\u00e3o m\u00fatua. Flexibilizar os tecidos, descolar as [&hellip;]<\/p>\n","protected":false},"author":1,"featured_media":0,"comment_status":"closed","ping_status":"open","sticky":true,"template":"","format":"standard","meta":{"footnotes":""},"categories":[3],"tags":[10,13,18,22,25,42,46,49,53,61],"class_list":["post-992","post","type-post","status-publish","format-standard","hentry","category-conceitos","tag-cervicalgias","tag-corpo","tag-dor-ciatico","tag-dores-na-coluna","tag-flexibilidade","tag-lombalgias","tag-metodo-rolf","tag-postura-ereta","tag-rigidez-articulacao","tag-tendinites"],"_links":{"self":[{"href":"https:\/\/www.metodorolf.org\/index.php?rest_route=\/wp\/v2\/posts\/992","targetHints":{"allow":["GET"]}}],"collection":[{"href":"https:\/\/www.metodorolf.org\/index.php?rest_route=\/wp\/v2\/posts"}],"about":[{"href":"https:\/\/www.metodorolf.org\/index.php?rest_route=\/wp\/v2\/types\/post"}],"author":[{"embeddable":true,"href":"https:\/\/www.metodorolf.org\/index.php?rest_route=\/wp\/v2\/users\/1"}],"replies":[{"embeddable":true,"href":"https:\/\/www.metodorolf.org\/index.php?rest_route=%2Fwp%2Fv2%2Fcomments&post=992"}],"version-history":[{"count":0,"href":"https:\/\/www.metodorolf.org\/index.php?rest_route=\/wp\/v2\/posts\/992\/revisions"}],"wp:attachment":[{"href":"https:\/\/www.metodorolf.org\/index.php?rest_route=%2Fwp%2Fv2%2Fmedia&parent=992"}],"wp:term":[{"taxonomy":"category","embeddable":true,"href":"https:\/\/www.metodorolf.org\/index.php?rest_route=%2Fwp%2Fv2%2Fcategories&post=992"},{"taxonomy":"post_tag","embeddable":true,"href":"https:\/\/www.metodorolf.org\/index.php?rest_route=%2Fwp%2Fv2%2Ftags&post=992"}],"curies":[{"name":"wp","href":"https:\/\/api.w.org\/{rel}","templated":true}]}}