{"id":20,"date":"2011-04-13T23:17:46","date_gmt":"2011-04-14T02:17:46","guid":{"rendered":"https:\/\/www.metodorolf.org\/wordpress\/index.php\/2011\/04\/13\/frases-de-ida-rolf\/"},"modified":"2011-04-13T23:17:46","modified_gmt":"2011-04-14T02:17:46","slug":"frases-de-ida-rolf","status":"publish","type":"post","link":"https:\/\/www.metodorolf.org\/?p=20","title":{"rendered":"Frases de Ida Rolf"},"content":{"rendered":"<p>&#8220;Quero que voc\u00eas vejam a organiza\u00e7\u00e3o estrutural. N\u00e3o se percam de seu objetivo, procurando um certo brilho no olhar (&#8230;) Olhem para a pessoa em termos de seus ombros, de como o pesco\u00e7o se coloca e como o cr\u00e2nio se assenta no pesco\u00e7o. Estrutura significa um crit\u00e9rio com o qual avaliar as pessoas.&#8221;<\/p>\n<p>&#8220;Enquanto a pessoa usar predominantemente os m\u00fasculos superficiais do corpo, ser\u00e1 uma pessoa imatura.&#8221; &#8220;Quando trabalhamos os p\u00e9s, n\u00e3o estamos atingindo somente os p\u00e9s, estamos trabalhando tamb\u00e9m as pernas. Jamais separamos uma parte do corpo da outra, em nossas mentes. A outra extremidade do tornozelo \u00e9 o joelho, e assim por diante.&#8221;<\/p>\n<p>&#8220;A gravidade \u00e9 o terapeuta.&#8221;<\/p>\n<p><span style=\"font-size: x-small;\"><strong>Dra. Ida Rolf<\/strong><\/span><\/p>\n","protected":false},"excerpt":{"rendered":"<p>&#8220;Quero que voc\u00eas vejam a organiza\u00e7\u00e3o estrutural. N\u00e3o se percam de seu objetivo, procurando um certo brilho no olhar (&#8230;) Olhem para a pessoa em termos de seus ombros, de como o pesco\u00e7o se coloca e como o cr\u00e2nio se assenta no pesco\u00e7o. Estrutura significa um crit\u00e9rio com o qual avaliar as pessoas.&#8221; &#8220;Enquanto a [&hellip;]<\/p>\n","protected":false},"author":1,"featured_media":0,"comment_status":"closed","ping_status":"open","sticky":false,"template":"","format":"standard","meta":{"footnotes":""},"categories":[3],"tags":[10,13,18,22,25,42,46,49,53,61],"class_list":["post-20","post","type-post","status-publish","format-standard","hentry","category-conceitos","tag-cervicalgias","tag-corpo","tag-dor-ciatico","tag-dores-na-coluna","tag-flexibilidade","tag-lombalgias","tag-metodo-rolf","tag-postura-ereta","tag-rigidez-articulacao","tag-tendinites"],"_links":{"self":[{"href":"https:\/\/www.metodorolf.org\/index.php?rest_route=\/wp\/v2\/posts\/20","targetHints":{"allow":["GET"]}}],"collection":[{"href":"https:\/\/www.metodorolf.org\/index.php?rest_route=\/wp\/v2\/posts"}],"about":[{"href":"https:\/\/www.metodorolf.org\/index.php?rest_route=\/wp\/v2\/types\/post"}],"author":[{"embeddable":true,"href":"https:\/\/www.metodorolf.org\/index.php?rest_route=\/wp\/v2\/users\/1"}],"replies":[{"embeddable":true,"href":"https:\/\/www.metodorolf.org\/index.php?rest_route=%2Fwp%2Fv2%2Fcomments&post=20"}],"version-history":[{"count":0,"href":"https:\/\/www.metodorolf.org\/index.php?rest_route=\/wp\/v2\/posts\/20\/revisions"}],"wp:attachment":[{"href":"https:\/\/www.metodorolf.org\/index.php?rest_route=%2Fwp%2Fv2%2Fmedia&parent=20"}],"wp:term":[{"taxonomy":"category","embeddable":true,"href":"https:\/\/www.metodorolf.org\/index.php?rest_route=%2Fwp%2Fv2%2Fcategories&post=20"},{"taxonomy":"post_tag","embeddable":true,"href":"https:\/\/www.metodorolf.org\/index.php?rest_route=%2Fwp%2Fv2%2Ftags&post=20"}],"curies":[{"name":"wp","href":"https:\/\/api.w.org\/{rel}","templated":true}]}}