{"id":16,"date":"2021-08-21T14:02:26","date_gmt":"2021-08-21T17:02:26","guid":{"rendered":"https:\/\/www.metodorolf.org\/wordpress\/index.php\/2008\/06\/23\/ida-rolf-biografia\/"},"modified":"2021-08-21T14:02:26","modified_gmt":"2021-08-21T17:02:26","slug":"ida-rolf-biografia","status":"publish","type":"post","link":"https:\/\/www.metodorolf.org\/?p=16","title":{"rendered":"Ida Rolf: nota biogr\u00e1fica"},"content":{"rendered":"<p><a href=\"https:\/\/www.metodorolf.org\/?p=16\"><img loading=\"lazy\" decoding=\"async\" class=\"size-medium wp-image-1653 alignleft\" src=\"https:\/\/www.metodorolf.org\/wp-content\/uploads\/2015\/10\/doutoraida-300x183.jpg\" alt=\"\" width=\"300\" height=\"183\" srcset=\"https:\/\/www.metodorolf.org\/wp-content\/uploads\/2015\/10\/doutoraida-300x183.jpg 300w, https:\/\/www.metodorolf.org\/wp-content\/uploads\/2015\/10\/doutoraida.jpg 460w\" sizes=\"auto, (max-width: 300px) 100vw, 300px\" \/><\/a>A dra. Ida P. Rolf nasceu em Nova York em 1896. Formou-se pelo Barnard College em 1916 e recebeu o t\u00edtulo de PhD em Qu\u00edmica Org\u00e2nica pela Universidade de Col\u00fambia em 1920. Em 1927, estudou Matem\u00e1tica e F\u00edsica At\u00f4mica na Universidade T\u00e9cnica Su\u00ed\u00e7a, em Zurique, e Medicina Homeop\u00e1tica em Genebra, al\u00e9m de se aprofundar em medicina quiropr\u00e1tica, osteopatia e yoga. Com base nestes estudos, come\u00e7ou a formar a concep\u00e7\u00e3o de que o corpo precisa alongar-se para obter equil\u00edbrio.<\/p>\n<p>Do encontro com o osteopata Tomas Morisson, produziu a id\u00e9ia de que a estrutura determina a fun\u00e7\u00e3o. De 1920 a 1932, trabalhou no Rockefeller Institute, como pesquisadora em Quimioterapia e Qu\u00edmica Org\u00e2nica. Durante a d\u00e9cada de 1940, atrav\u00e9s do trabalho cient\u00edfico e das descobertas que realizou com pessoas cronicamente incapacitadas, come\u00e7ou a desenvolver o trabalho que viria a ser conhecido como Integra\u00e7\u00e3o Estrutural.<\/p>\n<p>Nos 30 anos seguintes, dedicou-se a desenvolver a t\u00e9cnica e seu programa de treinamento. A partir dos anos 1950, suas aulas passaram a atrair cada vez mais alunos e publica\u00e7\u00f5es especializadas. Nesta d\u00e9cada, conheceu o criador da Gestalt Terapia, Fritz Perls, que a convidou para trabalhar em Esalen. Em 1967 iniciou o livro &#8220;Rolfing, A Integra\u00e7\u00e3o das Estruturas Humanas&#8221;. Em 1970 aconteceu o primeiro encontro de profissionais, em Esalen.<\/p>\n<p>At\u00e9 sua morte, em 1979, Ida Rolf dedicou sua vida ao trabalho, formando profissionais, planejando projetos de pesquisa, escrevendo e fazendo palestras p\u00fablicas.<\/p>\n","protected":false},"excerpt":{"rendered":"<p>A dra. Ida P. Rolf nasceu em Nova York em 1896. Formou-se pelo Barnard College em 1916 e recebeu o t\u00edtulo de PhD em Qu\u00edmica Org\u00e2nica pela Universidade de Col\u00fambia em 1920. Em 1927, estudou Matem\u00e1tica e F\u00edsica At\u00f4mica na Universidade T\u00e9cnica Su\u00ed\u00e7a, em Zurique, e Medicina Homeop\u00e1tica em Genebra, al\u00e9m de se aprofundar em [&hellip;]<\/p>\n","protected":false},"author":1,"featured_media":0,"comment_status":"closed","ping_status":"open","sticky":false,"template":"","format":"standard","meta":{"footnotes":""},"categories":[3],"tags":[10,13,18,22,25,42,46,49,53,61],"class_list":["post-16","post","type-post","status-publish","format-standard","hentry","category-conceitos","tag-cervicalgias","tag-corpo","tag-dor-ciatico","tag-dores-na-coluna","tag-flexibilidade","tag-lombalgias","tag-metodo-rolf","tag-postura-ereta","tag-rigidez-articulacao","tag-tendinites"],"_links":{"self":[{"href":"https:\/\/www.metodorolf.org\/index.php?rest_route=\/wp\/v2\/posts\/16","targetHints":{"allow":["GET"]}}],"collection":[{"href":"https:\/\/www.metodorolf.org\/index.php?rest_route=\/wp\/v2\/posts"}],"about":[{"href":"https:\/\/www.metodorolf.org\/index.php?rest_route=\/wp\/v2\/types\/post"}],"author":[{"embeddable":true,"href":"https:\/\/www.metodorolf.org\/index.php?rest_route=\/wp\/v2\/users\/1"}],"replies":[{"embeddable":true,"href":"https:\/\/www.metodorolf.org\/index.php?rest_route=%2Fwp%2Fv2%2Fcomments&post=16"}],"version-history":[{"count":0,"href":"https:\/\/www.metodorolf.org\/index.php?rest_route=\/wp\/v2\/posts\/16\/revisions"}],"wp:attachment":[{"href":"https:\/\/www.metodorolf.org\/index.php?rest_route=%2Fwp%2Fv2%2Fmedia&parent=16"}],"wp:term":[{"taxonomy":"category","embeddable":true,"href":"https:\/\/www.metodorolf.org\/index.php?rest_route=%2Fwp%2Fv2%2Fcategories&post=16"},{"taxonomy":"post_tag","embeddable":true,"href":"https:\/\/www.metodorolf.org\/index.php?rest_route=%2Fwp%2Fv2%2Ftags&post=16"}],"curies":[{"name":"wp","href":"https:\/\/api.w.org\/{rel}","templated":true}]}}